{"id":9581,"date":"2015-03-20T14:52:01","date_gmt":"2015-03-20T13:52:01","guid":{"rendered":"https:\/\/staging.baruffaldi.eu\/?p=9581"},"modified":"2021-10-06T16:22:40","modified_gmt":"2021-10-06T14:22:40","slug":"rt2015","status":"publish","type":"post","link":"https:\/\/staging.baruffaldi.eu\/it\/2015\/03\/20\/rt2015\/","title":{"rendered":"Baruffaldi @ R+T 2015"},"content":{"rendered":"\t\t<div data-elementor-type=\"wp-post\" data-elementor-id=\"9581\" class=\"elementor elementor-9581\" data-elementor-settings=\"[]\">\n\t\t\t\t\t\t\t<div class=\"elementor-section-wrap\">\n\t\t\t\t\t\t\t<section class=\"elementor-section elementor-top-section elementor-element elementor-element-4d5dc6a elementor-section-height-min-height elementor-section-boxed elementor-section-height-default elementor-section-items-middle\" data-id=\"4d5dc6a\" data-element_type=\"section\" data-settings=\"{&quot;background_background&quot;:&quot;classic&quot;,&quot;ekit_has_onepagescroll_dot&quot;:&quot;yes&quot;}\">\n\t\t\t\t\t\t<div class=\"elementor-container elementor-column-gap-wider\">\n\t\t\t\t\t<div class=\"elementor-column elementor-col-100 elementor-top-column elementor-element elementor-element-acafbed\" data-id=\"acafbed\" data-element_type=\"column\">\n\t\t\t<div class=\"elementor-widget-wrap elementor-element-populated\">\n\t\t\t\t\t\t\t\t<div class=\"elementor-element elementor-element-b968ead elementor-widget elementor-widget-heading\" data-id=\"b968ead\" data-element_type=\"widget\" data-settings=\"{&quot;ekit_we_effect_on&quot;:&quot;none&quot;}\" data-widget_type=\"heading.default\">\n\t\t\t\t<div class=\"elementor-widget-container\">\n\t\t\t<h2 class=\"elementor-heading-title elementor-size-default\">Baruffaldi @ R+T 2015<\/h2>\t\t<\/div>\n\t\t\t\t<\/div>\n\t\t\t\t\t<\/div>\n\t\t<\/div>\n\t\t\t\t\t\t\t<\/div>\n\t\t<\/section>\n\t\t\t\t<section class=\"elementor-section elementor-top-section elementor-element elementor-element-2eecffde elementor-section-boxed elementor-section-height-default elementor-section-height-default\" data-id=\"2eecffde\" data-element_type=\"section\" data-settings=\"{&quot;ekit_has_onepagescroll_dot&quot;:&quot;yes&quot;}\">\n\t\t\t\t\t\t<div class=\"elementor-container elementor-column-gap-default\">\n\t\t\t\t\t<div class=\"elementor-column elementor-col-100 elementor-top-column elementor-element elementor-element-751b56fc\" data-id=\"751b56fc\" data-element_type=\"column\">\n\t\t\t<div class=\"elementor-widget-wrap elementor-element-populated\">\n\t\t\t\t\t\t\t\t<div class=\"elementor-element elementor-element-ec20f87 elementor-widget elementor-widget-text-editor\" data-id=\"ec20f87\" data-element_type=\"widget\" data-settings=\"{&quot;ekit_we_effect_on&quot;:&quot;none&quot;}\" data-widget_type=\"text-editor.default\">\n\t\t\t\t<div class=\"elementor-widget-container\">\n\t\t\t\t\t\t\t<p>Confermata anche per questa edizione la presenza di Baruffaldi Plastic Technology alla fiera tedesca di settore per avvolgibili, porte e protezioni contro il sole.<\/p><p>R+T rappresenta un\u2019importante piattaforma per Baruffaldi, azienda leader di mercato in macchine per il confezionamento di avvolgibili in e fuori linea di estrusione, a principale vocazione export. La fiera racchiude infatti la presenza di molti clienti europei di fiducia, nonch\u00e9 la partecipazione di numerosi visitatori esteri.<\/p><p>Quest\u2019anno si \u00e8 percepito un fermento positivo, che si \u00e8 tradotto in un maggior afflusso sullo stand rispetto alla precedente edizione e in una migliore qualit\u00e0 nella composizione dei visitatori.<\/p><p>Buona fortuna per il post fiera, dunque!<\/p>\t\t\t\t\t\t<\/div>\n\t\t\t\t<\/div>\n\t\t\t\t<div class=\"elementor-element elementor-element-3982c29 gallery-spacing-custom elementor-widget elementor-widget-image-gallery\" data-id=\"3982c29\" data-element_type=\"widget\" data-settings=\"{&quot;ekit_we_effect_on&quot;:&quot;none&quot;}\" data-widget_type=\"image-gallery.default\">\n\t\t\t\t<div class=\"elementor-widget-container\">\n\t\t\t\t\t<div class=\"elementor-image-gallery\">\n\t\t\t\r\n\t\t<style type=\"text\/css\">\r\n\t\t\t#gallery-1 {\r\n\t\t\t\tmargin: auto;\r\n\t\t\t}\r\n\t\t\t#gallery-1 .gallery-item {\r\n\t\t\t\tfloat: left;\r\n\t\t\t\tmargin-top: 10px;\r\n\t\t\t\ttext-align: center;\r\n\t\t\t\twidth: 33%;\r\n\t\t\t}\r\n\t\t\t#gallery-1 img {\r\n\t\t\t\tborder: 2px solid #cfcfcf;\r\n\t\t\t}\r\n\t\t\t#gallery-1 .gallery-caption {\r\n\t\t\t\tmargin-left: 0;\r\n\t\t\t}\r\n\t\t\t\/* see gallery_shortcode() in wp-includes\/media.php *\/\r\n\t\t<\/style>\n\t\t<div id='gallery-1' class='gallery galleryid-9581 gallery-columns-3 gallery-size-full'><dl class='gallery-item'>\r\n\t\t\t<dt class='gallery-icon landscape'>\r\n\t\t\t\t<a data-elementor-open-lightbox=\"yes\" data-elementor-lightbox-slideshow=\"3982c29\" data-elementor-lightbox-title=\"20150224_110150\" href='https:\/\/staging.baruffaldi.eu\/wp-content\/uploads\/2021\/07\/20150224_110150.jpg'><img width=\"1638\" height=\"1348\" src=\"https:\/\/staging.baruffaldi.eu\/wp-content\/uploads\/2021\/07\/20150224_110150.jpg\" class=\"attachment-full size-full\" alt=\"\" loading=\"lazy\" srcset=\"https:\/\/staging.baruffaldi.eu\/wp-content\/uploads\/2021\/07\/20150224_110150.jpg 1638w, https:\/\/staging.baruffaldi.eu\/wp-content\/uploads\/2021\/07\/20150224_110150-300x247.jpg 300w, https:\/\/staging.baruffaldi.eu\/wp-content\/uploads\/2021\/07\/20150224_110150-1024x843.jpg 1024w, https:\/\/staging.baruffaldi.eu\/wp-content\/uploads\/2021\/07\/20150224_110150-768x632.jpg 768w, https:\/\/staging.baruffaldi.eu\/wp-content\/uploads\/2021\/07\/20150224_110150-1536x1264.jpg 1536w\" sizes=\"(max-width: 1638px) 100vw, 1638px\" \/><\/a>\r\n\t\t\t<\/dt><\/dl><dl class='gallery-item'>\r\n\t\t\t<dt class='gallery-icon landscape'>\r\n\t\t\t\t<a data-elementor-open-lightbox=\"yes\" data-elementor-lightbox-slideshow=\"3982c29\" data-elementor-lightbox-title=\"20150224_110208\" href='https:\/\/staging.baruffaldi.eu\/wp-content\/uploads\/2021\/07\/20150224_110208.jpg'><img width=\"1638\" height=\"1348\" src=\"https:\/\/staging.baruffaldi.eu\/wp-content\/uploads\/2021\/07\/20150224_110208.jpg\" class=\"attachment-full size-full\" alt=\"\" loading=\"lazy\" srcset=\"https:\/\/staging.baruffaldi.eu\/wp-content\/uploads\/2021\/07\/20150224_110208.jpg 1638w, https:\/\/staging.baruffaldi.eu\/wp-content\/uploads\/2021\/07\/20150224_110208-300x247.jpg 300w, https:\/\/staging.baruffaldi.eu\/wp-content\/uploads\/2021\/07\/20150224_110208-1024x843.jpg 1024w, https:\/\/staging.baruffaldi.eu\/wp-content\/uploads\/2021\/07\/20150224_110208-768x632.jpg 768w, https:\/\/staging.baruffaldi.eu\/wp-content\/uploads\/2021\/07\/20150224_110208-1536x1264.jpg 1536w\" sizes=\"(max-width: 1638px) 100vw, 1638px\" \/><\/a>\r\n\t\t\t<\/dt><\/dl><dl class='gallery-item'>\r\n\t\t\t<dt class='gallery-icon landscape'>\r\n\t\t\t\t<a data-elementor-open-lightbox=\"yes\" data-elementor-lightbox-slideshow=\"3982c29\" data-elementor-lightbox-title=\"20150225_141759\" href='https:\/\/staging.baruffaldi.eu\/wp-content\/uploads\/2021\/07\/20150225_141759.jpg'><img width=\"1638\" height=\"1348\" src=\"https:\/\/staging.baruffaldi.eu\/wp-content\/uploads\/2021\/07\/20150225_141759.jpg\" class=\"attachment-full size-full\" alt=\"\" loading=\"lazy\" srcset=\"https:\/\/staging.baruffaldi.eu\/wp-content\/uploads\/2021\/07\/20150225_141759.jpg 1638w, https:\/\/staging.baruffaldi.eu\/wp-content\/uploads\/2021\/07\/20150225_141759-300x247.jpg 300w, https:\/\/staging.baruffaldi.eu\/wp-content\/uploads\/2021\/07\/20150225_141759-1024x843.jpg 1024w, https:\/\/staging.baruffaldi.eu\/wp-content\/uploads\/2021\/07\/20150225_141759-768x632.jpg 768w, https:\/\/staging.baruffaldi.eu\/wp-content\/uploads\/2021\/07\/20150225_141759-1536x1264.jpg 1536w\" sizes=\"(max-width: 1638px) 100vw, 1638px\" \/><\/a>\r\n\t\t\t<\/dt><\/dl><br style=\"clear: both\" \/>\r\n\t\t<\/div>\n\t\t<\/div>\n\t\t\t\t<\/div>\n\t\t\t\t<\/div>\n\t\t\t\t\t<\/div>\n\t\t<\/div>\n\t\t\t\t\t\t\t<\/div>\n\t\t<\/section>\n\t\t\t\t\t\t<\/div>\n\t\t\t\t\t<\/div>\n\t\t","protected":false},"excerpt":{"rendered":"<p>Confermata anche per questa edizione la presenza di Baruffaldi Plastic Technology alla fiera tedesca di settore per avvolgibili, porte e protezioni contro il sole<\/p>\n","protected":false},"author":1,"featured_media":9582,"comment_status":"closed","ping_status":"closed","sticky":false,"template":"elementor_header_footer","format":"standard","meta":[],"categories":[3,46],"tags":[],"yoast_head":"<!-- This site is optimized with the Yoast SEO plugin v17.3 - https:\/\/yoast.com\/wordpress\/plugins\/seo\/ -->\n<title>Baruffaldi @ R+T 2015 - Baruffaldi<\/title>\n<meta name=\"description\" content=\"Confermata anche per questa edizione la presenza di Baruffaldi Plastic Technology alla fiera tedesca di settore per avvolgibili, porte e\" \/>\n<meta name=\"robots\" content=\"index, follow, max-snippet:-1, max-image-preview:large, max-video-preview:-1\" \/>\n<link rel=\"canonical\" href=\"https:\/\/staging.baruffaldi.eu\/it\/2015\/03\/20\/rt2015\/\" \/>\n<meta property=\"og:locale\" content=\"it_IT\" \/>\n<meta property=\"og:type\" content=\"article\" \/>\n<meta property=\"og:title\" content=\"Baruffaldi @ R+T 2015 - Baruffaldi\" \/>\n<meta property=\"og:description\" content=\"Confermata anche per questa edizione la presenza di Baruffaldi Plastic Technology alla fiera tedesca di settore per avvolgibili, porte e\" \/>\n<meta property=\"og:url\" content=\"https:\/\/staging.baruffaldi.eu\/it\/2015\/03\/20\/rt2015\/\" \/>\n<meta property=\"og:site_name\" content=\"Baruffaldi\" \/>\n<meta property=\"article:publisher\" content=\"https:\/\/www.facebook.com\/BaruffaldiPlasticTechnology\" \/>\n<meta property=\"article:published_time\" content=\"2015-03-20T13:52:01+00:00\" \/>\n<meta property=\"article:modified_time\" content=\"2021-10-06T14:22:40+00:00\" \/>\n<meta property=\"og:image\" content=\"https:\/\/staging.baruffaldi.eu\/wp-content\/uploads\/2021\/07\/BaruffaldiRT2015.jpg\" \/>\n\t<meta property=\"og:image:width\" content=\"780\" \/>\n\t<meta property=\"og:image:height\" content=\"439\" \/>\n<meta name=\"twitter:card\" content=\"summary_large_image\" \/>\n<meta name=\"twitter:label1\" content=\"Scritto da\" \/>\n\t<meta name=\"twitter:data1\" content=\"Baruffaldi\" \/>\n\t<meta name=\"twitter:label2\" content=\"Tempo di lettura stimato\" \/>\n\t<meta name=\"twitter:data2\" content=\"1 minuto\" \/>\n<script type=\"application\/ld+json\" class=\"yoast-schema-graph\">{\"@context\":\"https:\/\/schema.org\",\"@graph\":[{\"@type\":\"Organization\",\"@id\":\"https:\/\/staging.baruffaldi.eu\/#organization\",\"name\":\"Baruffaldi Plastic Technology Srl\",\"url\":\"https:\/\/staging.baruffaldi.eu\/\",\"sameAs\":[\"https:\/\/www.facebook.com\/BaruffaldiPlasticTechnology\",\"https:\/\/www.linkedin.com\/company\/baruffaldi-plastic-technology\/\",\"https:\/\/www.youtube.com\/channel\/UCYfq5v5yTPR9EOaArOg5CTQ\"],\"logo\":{\"@type\":\"ImageObject\",\"@id\":\"https:\/\/staging.baruffaldi.eu\/#logo\",\"inLanguage\":\"it-IT\",\"url\":\"https:\/\/www.baruffaldi.eu\/wp-content\/uploads\/2020\/04\/Logo.png\",\"contentUrl\":\"https:\/\/www.baruffaldi.eu\/wp-content\/uploads\/2020\/04\/Logo.png\",\"width\":308,\"height\":102,\"caption\":\"Baruffaldi Plastic Technology Srl\"},\"image\":{\"@id\":\"https:\/\/staging.baruffaldi.eu\/#logo\"}},{\"@type\":\"WebSite\",\"@id\":\"https:\/\/staging.baruffaldi.eu\/#website\",\"url\":\"https:\/\/staging.baruffaldi.eu\/\",\"name\":\"Baruffaldi\",\"description\":\"Dal 1953 Eccellenza Italiana\",\"publisher\":{\"@id\":\"https:\/\/staging.baruffaldi.eu\/#organization\"},\"potentialAction\":[{\"@type\":\"SearchAction\",\"target\":{\"@type\":\"EntryPoint\",\"urlTemplate\":\"https:\/\/staging.baruffaldi.eu\/?s={search_term_string}\"},\"query-input\":\"required name=search_term_string\"}],\"inLanguage\":\"it-IT\"},{\"@type\":\"ImageObject\",\"@id\":\"https:\/\/staging.baruffaldi.eu\/it\/2015\/03\/20\/rt2015\/#primaryimage\",\"inLanguage\":\"it-IT\",\"url\":\"https:\/\/staging.baruffaldi.eu\/wp-content\/uploads\/2021\/07\/BaruffaldiRT2015.jpg\",\"contentUrl\":\"https:\/\/staging.baruffaldi.eu\/wp-content\/uploads\/2021\/07\/BaruffaldiRT2015.jpg\",\"width\":780,\"height\":439},{\"@type\":\"WebPage\",\"@id\":\"https:\/\/staging.baruffaldi.eu\/it\/2015\/03\/20\/rt2015\/#webpage\",\"url\":\"https:\/\/staging.baruffaldi.eu\/it\/2015\/03\/20\/rt2015\/\",\"name\":\"Baruffaldi @ R+T 2015 - Baruffaldi\",\"isPartOf\":{\"@id\":\"https:\/\/staging.baruffaldi.eu\/#website\"},\"primaryImageOfPage\":{\"@id\":\"https:\/\/staging.baruffaldi.eu\/it\/2015\/03\/20\/rt2015\/#primaryimage\"},\"datePublished\":\"2015-03-20T13:52:01+00:00\",\"dateModified\":\"2021-10-06T14:22:40+00:00\",\"description\":\"Confermata anche per questa edizione la presenza di Baruffaldi Plastic Technology alla fiera tedesca di settore per avvolgibili, porte e\",\"breadcrumb\":{\"@id\":\"https:\/\/staging.baruffaldi.eu\/it\/2015\/03\/20\/rt2015\/#breadcrumb\"},\"inLanguage\":\"it-IT\",\"potentialAction\":[{\"@type\":\"ReadAction\",\"target\":[\"https:\/\/staging.baruffaldi.eu\/it\/2015\/03\/20\/rt2015\/\"]}]},{\"@type\":\"BreadcrumbList\",\"@id\":\"https:\/\/staging.baruffaldi.eu\/it\/2015\/03\/20\/rt2015\/#breadcrumb\",\"itemListElement\":[{\"@type\":\"ListItem\",\"position\":1,\"name\":\"Home\",\"item\":\"https:\/\/staging.baruffaldi.eu\/it\/\"},{\"@type\":\"ListItem\",\"position\":2,\"name\":\"Baruffaldi @ R+T 2015\"}]},{\"@type\":\"Article\",\"@id\":\"https:\/\/staging.baruffaldi.eu\/it\/2015\/03\/20\/rt2015\/#article\",\"isPartOf\":{\"@id\":\"https:\/\/staging.baruffaldi.eu\/it\/2015\/03\/20\/rt2015\/#webpage\"},\"author\":{\"@id\":\"https:\/\/staging.baruffaldi.eu\/#\/schema\/person\/bf83392049cd124a7c67832a9ef17066\"},\"headline\":\"Baruffaldi @ R+T 2015\",\"datePublished\":\"2015-03-20T13:52:01+00:00\",\"dateModified\":\"2021-10-06T14:22:40+00:00\",\"mainEntityOfPage\":{\"@id\":\"https:\/\/staging.baruffaldi.eu\/it\/2015\/03\/20\/rt2015\/#webpage\"},\"wordCount\":112,\"publisher\":{\"@id\":\"https:\/\/staging.baruffaldi.eu\/#organization\"},\"image\":{\"@id\":\"https:\/\/staging.baruffaldi.eu\/it\/2015\/03\/20\/rt2015\/#primaryimage\"},\"thumbnailUrl\":\"https:\/\/staging.baruffaldi.eu\/wp-content\/uploads\/2021\/07\/BaruffaldiRT2015.jpg\",\"articleSection\":[\"Istituzionale\",\"News\"],\"inLanguage\":\"it-IT\"},{\"@type\":\"Person\",\"@id\":\"https:\/\/staging.baruffaldi.eu\/#\/schema\/person\/bf83392049cd124a7c67832a9ef17066\",\"name\":\"Baruffaldi\",\"image\":{\"@type\":\"ImageObject\",\"@id\":\"https:\/\/staging.baruffaldi.eu\/#personlogo\",\"inLanguage\":\"it-IT\",\"url\":\"https:\/\/secure.gravatar.com\/avatar\/d71a93a2bd0b727c8c77e0b81e99217b?s=96&d=mm&r=g\",\"contentUrl\":\"https:\/\/secure.gravatar.com\/avatar\/d71a93a2bd0b727c8c77e0b81e99217b?s=96&d=mm&r=g\",\"caption\":\"Baruffaldi\"},\"url\":\"https:\/\/staging.baruffaldi.eu\/it\/author\/baruffaldi\/\"}]}<\/script>\n<!-- \/ Yoast SEO plugin. -->","yoast_head_json":{"title":"Baruffaldi @ R+T 2015 - Baruffaldi","description":"Confermata anche per questa edizione la presenza di Baruffaldi Plastic Technology alla fiera tedesca di settore per avvolgibili, porte e","robots":{"index":"index","follow":"follow","max-snippet":"max-snippet:-1","max-image-preview":"max-image-preview:large","max-video-preview":"max-video-preview:-1"},"canonical":"https:\/\/staging.baruffaldi.eu\/it\/2015\/03\/20\/rt2015\/","og_locale":"it_IT","og_type":"article","og_title":"Baruffaldi @ R+T 2015 - Baruffaldi","og_description":"Confermata anche per questa edizione la presenza di Baruffaldi Plastic Technology alla fiera tedesca di settore per avvolgibili, porte e","og_url":"https:\/\/staging.baruffaldi.eu\/it\/2015\/03\/20\/rt2015\/","og_site_name":"Baruffaldi","article_publisher":"https:\/\/www.facebook.com\/BaruffaldiPlasticTechnology","article_published_time":"2015-03-20T13:52:01+00:00","article_modified_time":"2021-10-06T14:22:40+00:00","og_image":[{"width":780,"height":439,"url":"https:\/\/staging.baruffaldi.eu\/wp-content\/uploads\/2021\/07\/BaruffaldiRT2015.jpg","type":"image\/jpeg"}],"twitter_card":"summary_large_image","twitter_misc":{"Scritto da":"Baruffaldi","Tempo di lettura stimato":"1 minuto"},"schema":{"@context":"https:\/\/schema.org","@graph":[{"@type":"Organization","@id":"https:\/\/staging.baruffaldi.eu\/#organization","name":"Baruffaldi Plastic Technology Srl","url":"https:\/\/staging.baruffaldi.eu\/","sameAs":["https:\/\/www.facebook.com\/BaruffaldiPlasticTechnology","https:\/\/www.linkedin.com\/company\/baruffaldi-plastic-technology\/","https:\/\/www.youtube.com\/channel\/UCYfq5v5yTPR9EOaArOg5CTQ"],"logo":{"@type":"ImageObject","@id":"https:\/\/staging.baruffaldi.eu\/#logo","inLanguage":"it-IT","url":"https:\/\/www.baruffaldi.eu\/wp-content\/uploads\/2020\/04\/Logo.png","contentUrl":"https:\/\/www.baruffaldi.eu\/wp-content\/uploads\/2020\/04\/Logo.png","width":308,"height":102,"caption":"Baruffaldi Plastic Technology Srl"},"image":{"@id":"https:\/\/staging.baruffaldi.eu\/#logo"}},{"@type":"WebSite","@id":"https:\/\/staging.baruffaldi.eu\/#website","url":"https:\/\/staging.baruffaldi.eu\/","name":"Baruffaldi","description":"Dal 1953 Eccellenza Italiana","publisher":{"@id":"https:\/\/staging.baruffaldi.eu\/#organization"},"potentialAction":[{"@type":"SearchAction","target":{"@type":"EntryPoint","urlTemplate":"https:\/\/staging.baruffaldi.eu\/?s={search_term_string}"},"query-input":"required name=search_term_string"}],"inLanguage":"it-IT"},{"@type":"ImageObject","@id":"https:\/\/staging.baruffaldi.eu\/it\/2015\/03\/20\/rt2015\/#primaryimage","inLanguage":"it-IT","url":"https:\/\/staging.baruffaldi.eu\/wp-content\/uploads\/2021\/07\/BaruffaldiRT2015.jpg","contentUrl":"https:\/\/staging.baruffaldi.eu\/wp-content\/uploads\/2021\/07\/BaruffaldiRT2015.jpg","width":780,"height":439},{"@type":"WebPage","@id":"https:\/\/staging.baruffaldi.eu\/it\/2015\/03\/20\/rt2015\/#webpage","url":"https:\/\/staging.baruffaldi.eu\/it\/2015\/03\/20\/rt2015\/","name":"Baruffaldi @ R+T 2015 - Baruffaldi","isPartOf":{"@id":"https:\/\/staging.baruffaldi.eu\/#website"},"primaryImageOfPage":{"@id":"https:\/\/staging.baruffaldi.eu\/it\/2015\/03\/20\/rt2015\/#primaryimage"},"datePublished":"2015-03-20T13:52:01+00:00","dateModified":"2021-10-06T14:22:40+00:00","description":"Confermata anche per questa edizione la presenza di Baruffaldi Plastic Technology alla fiera tedesca di settore per avvolgibili, porte e","breadcrumb":{"@id":"https:\/\/staging.baruffaldi.eu\/it\/2015\/03\/20\/rt2015\/#breadcrumb"},"inLanguage":"it-IT","potentialAction":[{"@type":"ReadAction","target":["https:\/\/staging.baruffaldi.eu\/it\/2015\/03\/20\/rt2015\/"]}]},{"@type":"BreadcrumbList","@id":"https:\/\/staging.baruffaldi.eu\/it\/2015\/03\/20\/rt2015\/#breadcrumb","itemListElement":[{"@type":"ListItem","position":1,"name":"Home","item":"https:\/\/staging.baruffaldi.eu\/it\/"},{"@type":"ListItem","position":2,"name":"Baruffaldi @ R+T 2015"}]},{"@type":"Article","@id":"https:\/\/staging.baruffaldi.eu\/it\/2015\/03\/20\/rt2015\/#article","isPartOf":{"@id":"https:\/\/staging.baruffaldi.eu\/it\/2015\/03\/20\/rt2015\/#webpage"},"author":{"@id":"https:\/\/staging.baruffaldi.eu\/#\/schema\/person\/bf83392049cd124a7c67832a9ef17066"},"headline":"Baruffaldi @ R+T 2015","datePublished":"2015-03-20T13:52:01+00:00","dateModified":"2021-10-06T14:22:40+00:00","mainEntityOfPage":{"@id":"https:\/\/staging.baruffaldi.eu\/it\/2015\/03\/20\/rt2015\/#webpage"},"wordCount":112,"publisher":{"@id":"https:\/\/staging.baruffaldi.eu\/#organization"},"image":{"@id":"https:\/\/staging.baruffaldi.eu\/it\/2015\/03\/20\/rt2015\/#primaryimage"},"thumbnailUrl":"https:\/\/staging.baruffaldi.eu\/wp-content\/uploads\/2021\/07\/BaruffaldiRT2015.jpg","articleSection":["Istituzionale","News"],"inLanguage":"it-IT"},{"@type":"Person","@id":"https:\/\/staging.baruffaldi.eu\/#\/schema\/person\/bf83392049cd124a7c67832a9ef17066","name":"Baruffaldi","image":{"@type":"ImageObject","@id":"https:\/\/staging.baruffaldi.eu\/#personlogo","inLanguage":"it-IT","url":"https:\/\/secure.gravatar.com\/avatar\/d71a93a2bd0b727c8c77e0b81e99217b?s=96&d=mm&r=g","contentUrl":"https:\/\/secure.gravatar.com\/avatar\/d71a93a2bd0b727c8c77e0b81e99217b?s=96&d=mm&r=g","caption":"Baruffaldi"},"url":"https:\/\/staging.baruffaldi.eu\/it\/author\/baruffaldi\/"}]}},"_links":{"self":[{"href":"https:\/\/staging.baruffaldi.eu\/it\/wp-json\/wp\/v2\/posts\/9581"}],"collection":[{"href":"https:\/\/staging.baruffaldi.eu\/it\/wp-json\/wp\/v2\/posts"}],"about":[{"href":"https:\/\/staging.baruffaldi.eu\/it\/wp-json\/wp\/v2\/types\/post"}],"author":[{"embeddable":true,"href":"https:\/\/staging.baruffaldi.eu\/it\/wp-json\/wp\/v2\/users\/1"}],"replies":[{"embeddable":true,"href":"https:\/\/staging.baruffaldi.eu\/it\/wp-json\/wp\/v2\/comments?post=9581"}],"version-history":[{"count":9,"href":"https:\/\/staging.baruffaldi.eu\/it\/wp-json\/wp\/v2\/posts\/9581\/revisions"}],"predecessor-version":[{"id":15358,"href":"https:\/\/staging.baruffaldi.eu\/it\/wp-json\/wp\/v2\/posts\/9581\/revisions\/15358"}],"wp:featuredmedia":[{"embeddable":true,"href":"https:\/\/staging.baruffaldi.eu\/it\/wp-json\/wp\/v2\/media\/9582"}],"wp:attachment":[{"href":"https:\/\/staging.baruffaldi.eu\/it\/wp-json\/wp\/v2\/media?parent=9581"}],"wp:term":[{"taxonomy":"category","embeddable":true,"href":"https:\/\/staging.baruffaldi.eu\/it\/wp-json\/wp\/v2\/categories?post=9581"},{"taxonomy":"post_tag","embeddable":true,"href":"https:\/\/staging.baruffaldi.eu\/it\/wp-json\/wp\/v2\/tags?post=9581"}],"curies":[{"name":"wp","href":"https:\/\/api.w.org\/{rel}","templated":true}]}}